{"id":1067,"date":"2018-01-30T14:33:30","date_gmt":"2018-01-30T13:33:30","guid":{"rendered":"http:\/\/weegruppen.no\/?p=1067"},"modified":"2018-01-31T13:23:37","modified_gmt":"2018-01-31T12:23:37","slug":"fra-en-lastebil-til-multinasjonal-import","status":"publish","type":"post","link":"https:\/\/nyheter.wee.no\/?p=1067","title":{"rendered":"Fra enkel transport til multinasjonal import"},"content":{"rendered":"<h3>Tre generasjoner ligger til grunn for forretningseventyret til familien Wee i Frakkagjerd. Fra starten med lastebiltransport til dagens import av alt fra landbruk- til fritidsutstyr, har WeeGruppen gradvis vokst seg til en betydelig og samfunnsengasjert forretningsakt\u00f8r p\u00e5 Haugalandet.<\/h3>\n<p>I 1958 skaffet Rolf Wee seg lastebill\u00f8yve, bare 18 \u00e5r gammel. Dermed tok han over transportbedriften etter sin far Martin, som i sin drev med hestetransport med sin far i Haugesund. Men det var forretningssansen til unge Rolf som la grunnlaget for dagens 100 millioner kroners virksomhet i Frakkagjerd \u2013 en variert forretning som har dreiet seg om alt fra trafikkskole til import av luksusyachter. WeeGruppen i Tysv\u00e6r har solgt det meste, og bygget stein p\u00e5 stein siden oppstarten 60 \u00e5r tilbake.<\/p>\n<p>Men som med de fleste suksesshistorien innen forretning, ble ogs\u00e5 WeeGruppen grunnlagt p\u00e5 beinhardt arbeid. Enmannsforetaket Rolf Wee Transport drev Rolf fra starten sammen med kona \u00c5se, som blant annet tok seg av regnskapet i tillegg til \u00e5 holde styr p\u00e5 fem barn. Rolf puttet alt han tjente tilbake i selskapet, og snart var det flere lastebilder i drift b\u00e5de regionalt og nasjonalt. Fra 1960 til 90-tallet var transport hovedn\u00e6ringen, med fokus p\u00e5 anleggsvirksomhet i hele S\u00f8r-Vestlandet. Det neste store steget ble tatt i 1973, da Haugesund-bedriften flyttet til Tysv\u00e6r og Frakkagjerd der gruppen holder til i dag.<\/p>\n<figure id=\"attachment_1068\" aria-describedby=\"caption-attachment-1068\" style=\"width: 940px\" class=\"wp-caption alignnone\"><a href=\"https:\/\/i2.wp.com\/nyheter.wee.no\/wp-content\/uploads\/2018\/01\/IMG_3729.jpg?ssl=1\" rel=\"attachment wp-att-1068\"><img data-attachment-id=\"1068\" data-permalink=\"https:\/\/nyheter.wee.no\/?attachment_id=1068\" data-orig-file=\"https:\/\/i2.wp.com\/nyheter.wee.no\/wp-content\/uploads\/2018\/01\/IMG_3729.jpg?fit=2609%2C1798&amp;ssl=1\" data-orig-size=\"2609,1798\" data-comments-opened=\"0\" data-image-meta=\"{&quot;aperture&quot;:&quot;1.8&quot;,&quot;credit&quot;:&quot;&quot;,&quot;camera&quot;:&quot;iPhone 7 Plus&quot;,&quot;caption&quot;:&quot;&quot;,&quot;created_timestamp&quot;:&quot;1514552506&quot;,&quot;copyright&quot;:&quot;&quot;,&quot;focal_length&quot;:&quot;3.99&quot;,&quot;iso&quot;:&quot;40&quot;,&quot;shutter_speed&quot;:&quot;0.058823529411765&quot;,&quot;title&quot;:&quot;&quot;,&quot;orientation&quot;:&quot;1&quot;}\" data-image-title=\"IMG_3729\" data-image-description=\"\" data-medium-file=\"https:\/\/i2.wp.com\/nyheter.wee.no\/wp-content\/uploads\/2018\/01\/IMG_3729.jpg?fit=300%2C207&amp;ssl=1\" data-large-file=\"https:\/\/i2.wp.com\/nyheter.wee.no\/wp-content\/uploads\/2018\/01\/IMG_3729.jpg?fit=940%2C648&amp;ssl=1\" loading=\"lazy\" class=\"size-large wp-image-1068\" src=\"https:\/\/i2.wp.com\/nyheter.wee.no\/wp-content\/uploads\/2018\/01\/IMG_3729.jpg?resize=940%2C648&#038;ssl=1\" alt=\"Sj\u00e5f\u00f8r Lars Ingvald Steinsland ved en av WeeGruppens biler. Bildet er tatt ved Farsund Lista Aluminiumsverk i 1970.\" width=\"940\" height=\"648\" srcset=\"https:\/\/i2.wp.com\/nyheter.wee.no\/wp-content\/uploads\/2018\/01\/IMG_3729.jpg?resize=1024%2C706&amp;ssl=1 1024w, https:\/\/i2.wp.com\/nyheter.wee.no\/wp-content\/uploads\/2018\/01\/IMG_3729.jpg?resize=300%2C207&amp;ssl=1 300w, https:\/\/i2.wp.com\/nyheter.wee.no\/wp-content\/uploads\/2018\/01\/IMG_3729.jpg?resize=768%2C529&amp;ssl=1 768w, https:\/\/i2.wp.com\/nyheter.wee.no\/wp-content\/uploads\/2018\/01\/IMG_3729.jpg?resize=450%2C310&amp;ssl=1 450w, https:\/\/i2.wp.com\/nyheter.wee.no\/wp-content\/uploads\/2018\/01\/IMG_3729.jpg?resize=871%2C600&amp;ssl=1 871w, https:\/\/i2.wp.com\/nyheter.wee.no\/wp-content\/uploads\/2018\/01\/IMG_3729.jpg?w=1880&amp;ssl=1 1880w\" sizes=\"(max-width: 940px) 100vw, 940px\" data-recalc-dims=\"1\" \/><\/a><figcaption id=\"caption-attachment-1068\" class=\"wp-caption-text\">Sj\u00e5f\u00f8r Lars Ingvald Steinsland ved en av WeeGruppens biler. Bildet er tatt ved Farsund Lista Aluminiumsverk i 1970.<\/figcaption><\/figure>\n<p>Med tiden kom anleggsmaskintjenester ogs\u00e5 inn i forretningsmodellen. Sammen med s\u00f8nnene Rune og \u00c5ge, som etter hvert ble delaktige i driften av selskapet, bygget Rolf Wee Transport seg opp p\u00e5 oljeboomen med oppdrag b\u00e5de for Hydro Karm\u00f8y og for Statoil b\u00e5de p\u00e5 K\u00e5rst\u00f8, Mongstad og Kolsnes. Rolf Wee Transport ble et aksjeselskap i 1994.<\/p>\n<p><strong>Med fra tidlig alder<\/strong><\/p>\n<p>Rolf sin eldste s\u00f8nn Rune, som i dag er daglig leder i bedriften, begynte \u00e5 hjelpe sin far allerede i 10-\u00e5rs alderen.<\/p>\n<p>\u2013 Jeg har v\u00e6rt en del av dette i 40 \u00e5r, s\u00e5 det blir jo et slags personlig jubileum ogs\u00e5. Det begynte med sm\u00e5oppdrag som vasking og flytting av utstyr, og som 16- \u00e5ring kj\u00f8rte jeg dumper p\u00e5 anlegg. Allerede som 21-\u00e5ring, i 1983, ledet jeg bedriften for f\u00f8rste gang, s\u00e5 det har v\u00e6rt en bratt l\u00e6ringskurve, sier Rune Wee.<\/p>\n<p>\u2013 1999 ble en milep\u00e6l for oss. Da n\u00e5dde vi 100 millioner i omsetning og hadde 130 ansatte. Dette \u00e5ret ble vi ogs\u00e5 k\u00e5ret til \u00e5rets bedrift i kommunen. I 2005 solgte vi v\u00e5re 13 mobilkraner og satset fullt ut p\u00e5 import, og vi har ikke sett oss tilbake siden, sier Rune.<\/p>\n<figure id=\"attachment_1092\" aria-describedby=\"caption-attachment-1092\" style=\"width: 940px\" class=\"wp-caption alignnone\"><a href=\"https:\/\/i0.wp.com\/nyheter.wee.no\/wp-content\/uploads\/2018\/01\/IMG_7397-1.jpg?ssl=1\" rel=\"attachment wp-att-1092\"><img data-attachment-id=\"1092\" data-permalink=\"https:\/\/nyheter.wee.no\/?attachment_id=1092\" data-orig-file=\"https:\/\/i0.wp.com\/nyheter.wee.no\/wp-content\/uploads\/2018\/01\/IMG_7397-1.jpg?fit=3000%2C2000&amp;ssl=1\" data-orig-size=\"3000,2000\" data-comments-opened=\"0\" data-image-meta=\"{&quot;aperture&quot;:&quot;13&quot;,&quot;credit&quot;:&quot;&quot;,&quot;camera&quot;:&quot;Canon EOS 7D&quot;,&quot;caption&quot;:&quot;&quot;,&quot;created_timestamp&quot;:&quot;1434121120&quot;,&quot;copyright&quot;:&quot;&quot;,&quot;focal_length&quot;:&quot;35&quot;,&quot;iso&quot;:&quot;250&quot;,&quot;shutter_speed&quot;:&quot;0.016666666666667&quot;,&quot;title&quot;:&quot;&quot;,&quot;orientation&quot;:&quot;0&quot;}\" data-image-title=\"IMG_7397-1\" data-image-description=\"\" data-medium-file=\"https:\/\/i0.wp.com\/nyheter.wee.no\/wp-content\/uploads\/2018\/01\/IMG_7397-1.jpg?fit=300%2C200&amp;ssl=1\" data-large-file=\"https:\/\/i0.wp.com\/nyheter.wee.no\/wp-content\/uploads\/2018\/01\/IMG_7397-1.jpg?fit=940%2C627&amp;ssl=1\" loading=\"lazy\" class=\"size-large wp-image-1092\" src=\"https:\/\/i0.wp.com\/nyheter.wee.no\/wp-content\/uploads\/2018\/01\/IMG_7397-1.jpg?resize=940%2C627&#038;ssl=1\" alt=\"Rune Wee er daglig leder og eier i WeeGruppen. I \u00e5r er det 40 \u00e5r siden han begynte \u00e5 jobbe i selskapet med sin far.\" width=\"940\" height=\"627\" srcset=\"https:\/\/i0.wp.com\/nyheter.wee.no\/wp-content\/uploads\/2018\/01\/IMG_7397-1.jpg?resize=1024%2C683&amp;ssl=1 1024w, https:\/\/i0.wp.com\/nyheter.wee.no\/wp-content\/uploads\/2018\/01\/IMG_7397-1.jpg?resize=300%2C200&amp;ssl=1 300w, https:\/\/i0.wp.com\/nyheter.wee.no\/wp-content\/uploads\/2018\/01\/IMG_7397-1.jpg?resize=768%2C512&amp;ssl=1 768w, https:\/\/i0.wp.com\/nyheter.wee.no\/wp-content\/uploads\/2018\/01\/IMG_7397-1.jpg?resize=450%2C300&amp;ssl=1 450w, https:\/\/i0.wp.com\/nyheter.wee.no\/wp-content\/uploads\/2018\/01\/IMG_7397-1.jpg?resize=900%2C600&amp;ssl=1 900w, https:\/\/i0.wp.com\/nyheter.wee.no\/wp-content\/uploads\/2018\/01\/IMG_7397-1.jpg?w=1880&amp;ssl=1 1880w, https:\/\/i0.wp.com\/nyheter.wee.no\/wp-content\/uploads\/2018\/01\/IMG_7397-1.jpg?w=2820&amp;ssl=1 2820w\" sizes=\"(max-width: 940px) 100vw, 940px\" data-recalc-dims=\"1\" \/><\/a><figcaption id=\"caption-attachment-1092\" class=\"wp-caption-text\">Rune Wee er daglig leder og eier i WeeGruppen. I \u00e5r er det 40 \u00e5r siden han begynte \u00e5 jobbe i selskapet med sin far.<\/figcaption><\/figure>\n<p><strong>Fra anlegg til import<\/strong><\/p>\n<p>Den yngre s\u00f8nnen til Rolf, \u00c5ge, begynte sin jobbkarriere i selskapet i 1981. Da var han 16 \u00e5r gammel.<\/p>\n<p>\u2013 Det har alltid v\u00e6rt sv\u00e6rt mye jobbing, men det har gitt resultater. Det startet med anleggsarbeid, men p\u00e5 90-tallet begynte vi med import av minigravere til Norge, og samtidig oppdaget vi muligheten for salg av kinesiske str\u00f8maggregater til Nederland. Det ble starten p\u00e5 produktimporten fra Asia, forteller \u00c5ge.<\/p>\n<p><strong>Import fra Kina<br \/>\n<\/strong><\/p>\n<p>Wee Trading International s\u00e5 dagens lys i 2003, og br\u00f8drene Rune og \u00c5ge fortsatte importen av kompressorer, str\u00f8maggregater og vannpumper. Fra midten av 2000-tallet ble importen fra Kina utvidet, en import som ligger til grunn for de fleste selskapene i WeeGruppen i dag. I Kina har Wee over tid bygget gode forretningsforbindelser og faste leverand\u00f8rer av sine mange produkter, som strekker seg fra skuffer, dumpere og traktorer til flytebrygger, sakkosekker og kajakker.<\/p>\n<figure id=\"attachment_1093\" aria-describedby=\"caption-attachment-1093\" style=\"width: 940px\" class=\"wp-caption alignnone\"><a href=\"https:\/\/i0.wp.com\/nyheter.wee.no\/wp-content\/uploads\/2018\/01\/DSC02717-Edit.jpg?ssl=1\" rel=\"attachment wp-att-1093\"><img data-attachment-id=\"1093\" data-permalink=\"https:\/\/nyheter.wee.no\/?attachment_id=1093\" data-orig-file=\"https:\/\/i0.wp.com\/nyheter.wee.no\/wp-content\/uploads\/2018\/01\/DSC02717-Edit.jpg?fit=3000%2C2000&amp;ssl=1\" data-orig-size=\"3000,2000\" data-comments-opened=\"0\" data-image-meta=\"{&quot;aperture&quot;:&quot;2.2&quot;,&quot;credit&quot;:&quot;&quot;,&quot;camera&quot;:&quot;ILCE-7M2&quot;,&quot;caption&quot;:&quot;&quot;,&quot;created_timestamp&quot;:&quot;1512736248&quot;,&quot;copyright&quot;:&quot;&quot;,&quot;focal_length&quot;:&quot;55&quot;,&quot;iso&quot;:&quot;320&quot;,&quot;shutter_speed&quot;:&quot;0.025&quot;,&quot;title&quot;:&quot;&quot;,&quot;orientation&quot;:&quot;0&quot;}\" data-image-title=\"DSC02717-Edit\" data-image-description=\"\" data-medium-file=\"https:\/\/i0.wp.com\/nyheter.wee.no\/wp-content\/uploads\/2018\/01\/DSC02717-Edit.jpg?fit=300%2C200&amp;ssl=1\" data-large-file=\"https:\/\/i0.wp.com\/nyheter.wee.no\/wp-content\/uploads\/2018\/01\/DSC02717-Edit.jpg?fit=940%2C627&amp;ssl=1\" loading=\"lazy\" class=\"size-large wp-image-1093\" src=\"https:\/\/i0.wp.com\/nyheter.wee.no\/wp-content\/uploads\/2018\/01\/DSC02717-Edit-1024x683.jpg?resize=940%2C627&#038;ssl=1\" alt=\"Vivian Wee Flatnes leder i dag Fritidsavdelingen p\u00e5 Frakkagjerd. Her med den popul\u00e6re kajakken Seasy.\" width=\"940\" height=\"627\" srcset=\"https:\/\/i0.wp.com\/nyheter.wee.no\/wp-content\/uploads\/2018\/01\/DSC02717-Edit.jpg?resize=1024%2C683&amp;ssl=1 1024w, https:\/\/i0.wp.com\/nyheter.wee.no\/wp-content\/uploads\/2018\/01\/DSC02717-Edit.jpg?resize=300%2C200&amp;ssl=1 300w, https:\/\/i0.wp.com\/nyheter.wee.no\/wp-content\/uploads\/2018\/01\/DSC02717-Edit.jpg?resize=768%2C512&amp;ssl=1 768w, https:\/\/i0.wp.com\/nyheter.wee.no\/wp-content\/uploads\/2018\/01\/DSC02717-Edit.jpg?resize=450%2C300&amp;ssl=1 450w, https:\/\/i0.wp.com\/nyheter.wee.no\/wp-content\/uploads\/2018\/01\/DSC02717-Edit.jpg?resize=900%2C600&amp;ssl=1 900w, https:\/\/i0.wp.com\/nyheter.wee.no\/wp-content\/uploads\/2018\/01\/DSC02717-Edit.jpg?w=1880&amp;ssl=1 1880w, https:\/\/i0.wp.com\/nyheter.wee.no\/wp-content\/uploads\/2018\/01\/DSC02717-Edit.jpg?w=2820&amp;ssl=1 2820w\" sizes=\"(max-width: 940px) 100vw, 940px\" data-recalc-dims=\"1\" \/><\/a><figcaption id=\"caption-attachment-1093\" class=\"wp-caption-text\">Vivian Wee Flatnes leder i dag Fritidsavdelingen p\u00e5 Frakkagjerd. Her med den popul\u00e6re kajakken Seasy.<\/figcaption><\/figure>\n<p>Rolf Wee Transport best\u00e5r i dag av avdelingene Trading, Transport, Utleie og Verksted. Runes s\u00f8nn Roger leder i dag Transport og Utleie, der f\u00f8rstnevnte har i alt 17 ansatte og en omsetning p\u00e5 ca. 30 millioner. Utleieavdelingen er i vekst med totalt 150 utleieobjekter.<\/p>\n<p>Wee Trading International har med tiden blitt Wee Marine AS, som \u00c5ge selv leder. Det ferskeste selskapet er WeeCar AS, som importerer elektriske kj\u00f8ret\u00f8y og som ledes av Runes svigers\u00f8nn Glenn Larsen. Runes datter Vivian leder Fritidsproduktavdelingen i WeeGruppen.<\/p>\n<p><strong>Samfunnsengasjert<\/strong><\/p>\n<p>WeeGruppen er ogs\u00e5 en samfunnsengasjert ledelse. Rune og datteren Vivian har flere kampanjer der fortjenesten g\u00e5r til Kreftforeningen, og \u00c5ge har engasjert seg spesielt i milj\u00f8kampen. Sistnevnte st\u00e5r bak Norges st\u00f8rste marine ryddeaksjon, som \u00e5rlig gjennomf\u00f8res i Haugesund havn, og jobber for bevaring av den norske hummerbestanden i &laquo;Foreningen Hummerhuset&raquo;.<\/p>\n<figure id=\"attachment_1094\" aria-describedby=\"caption-attachment-1094\" style=\"width: 940px\" class=\"wp-caption alignnone\"><a href=\"https:\/\/i2.wp.com\/nyheter.wee.no\/wp-content\/uploads\/2018\/01\/Rolf_Wee_museum3-1.jpg?ssl=1\" rel=\"attachment wp-att-1094\"><img data-attachment-id=\"1094\" data-permalink=\"https:\/\/nyheter.wee.no\/?attachment_id=1094\" data-orig-file=\"https:\/\/i2.wp.com\/nyheter.wee.no\/wp-content\/uploads\/2018\/01\/Rolf_Wee_museum3-1.jpg?fit=2592%2C1944&amp;ssl=1\" data-orig-size=\"2592,1944\" data-comments-opened=\"0\" data-image-meta=\"{&quot;aperture&quot;:&quot;2.8&quot;,&quot;credit&quot;:&quot;&quot;,&quot;camera&quot;:&quot;Canon DIGITAL IXUS 850 IS&quot;,&quot;caption&quot;:&quot;&quot;,&quot;created_timestamp&quot;:&quot;1335370544&quot;,&quot;copyright&quot;:&quot;&quot;,&quot;focal_length&quot;:&quot;4.6&quot;,&quot;iso&quot;:&quot;233&quot;,&quot;shutter_speed&quot;:&quot;0.016666666666667&quot;,&quot;title&quot;:&quot;&quot;,&quot;orientation&quot;:&quot;0&quot;}\" data-image-title=\"Rolf_Wee_museum3-1\" data-image-description=\"\" data-medium-file=\"https:\/\/i2.wp.com\/nyheter.wee.no\/wp-content\/uploads\/2018\/01\/Rolf_Wee_museum3-1.jpg?fit=300%2C225&amp;ssl=1\" data-large-file=\"https:\/\/i2.wp.com\/nyheter.wee.no\/wp-content\/uploads\/2018\/01\/Rolf_Wee_museum3-1.jpg?fit=940%2C705&amp;ssl=1\" loading=\"lazy\" class=\"size-large wp-image-1094\" src=\"https:\/\/i2.wp.com\/nyheter.wee.no\/wp-content\/uploads\/2018\/01\/Rolf_Wee_museum3-1.jpg?resize=940%2C705&#038;ssl=1\" alt=\"Rolf Wee i sitt eget kj\u00f8ret\u00f8ysmuseeum, der severdighetene best\u00e5r b\u00e5de av gamle lastebiler, veteranbiler, motorsykler og et gammelt jagerfly.\" width=\"940\" height=\"705\" srcset=\"https:\/\/i2.wp.com\/nyheter.wee.no\/wp-content\/uploads\/2018\/01\/Rolf_Wee_museum3-1.jpg?resize=1024%2C768&amp;ssl=1 1024w, https:\/\/i2.wp.com\/nyheter.wee.no\/wp-content\/uploads\/2018\/01\/Rolf_Wee_museum3-1.jpg?resize=300%2C225&amp;ssl=1 300w, https:\/\/i2.wp.com\/nyheter.wee.no\/wp-content\/uploads\/2018\/01\/Rolf_Wee_museum3-1.jpg?resize=768%2C576&amp;ssl=1 768w, https:\/\/i2.wp.com\/nyheter.wee.no\/wp-content\/uploads\/2018\/01\/Rolf_Wee_museum3-1.jpg?resize=450%2C338&amp;ssl=1 450w, https:\/\/i2.wp.com\/nyheter.wee.no\/wp-content\/uploads\/2018\/01\/Rolf_Wee_museum3-1.jpg?resize=800%2C600&amp;ssl=1 800w, https:\/\/i2.wp.com\/nyheter.wee.no\/wp-content\/uploads\/2018\/01\/Rolf_Wee_museum3-1.jpg?w=1880&amp;ssl=1 1880w\" sizes=\"(max-width: 940px) 100vw, 940px\" data-recalc-dims=\"1\" \/><\/a><figcaption id=\"caption-attachment-1094\" class=\"wp-caption-text\">Rolf Wee i sitt eget kj\u00f8ret\u00f8ysmuseeum, der severdighetene best\u00e5r b\u00e5de av gamle lastebiler, veteranbiler, motorsykler og et gammelt jagerfly.<\/figcaption><\/figure>\n<p><strong>St\u00f8rste samling av lastebiler<\/strong><\/p>\n<p>I l\u00f8pet av de siste 60 \u00e5rene har Rolf Wee dessuten bygget opp en enorm samling av gamle biler, som n\u00e5 er utstilt i et eget museum i Frakkagjerd. Rolf har etter alt \u00e5 d\u00f8mme Nordens st\u00f8rste samling av gamle lastebiler som ogs\u00e5 kan bes\u00f8kes under deler av sommersesongen.<\/p>\n<p>Rune Wee er sikker p\u00e5 at endringsevne og vilje til \u00e5 satse har brakt WeeGruppen dit den er i dag.<\/p>\n<p>\u2013 Det har v\u00e6rt en utrolig reise med opp og nedturer, men i dag er vi en st\u00f8dig samling selskaper godt rustet for den digitale tidsalderen. Vi satser ene og alene p\u00e5 netthandel, og vi vil stadig utvikle oss i form av nye produkter og tjenester. Det har aldri v\u00e6rt viktigere \u00e5 v\u00e6re dynamisk enn i dag, avslutter Rune Wee i WeeGruppen.<\/p>\n<figure id=\"attachment_1095\" aria-describedby=\"caption-attachment-1095\" style=\"width: 940px\" class=\"wp-caption alignnone\"><a href=\"https:\/\/i2.wp.com\/nyheter.wee.no\/wp-content\/uploads\/2018\/01\/Milj\u00f8prisen2017.jpg?ssl=1\" rel=\"attachment wp-att-1095\"><img data-attachment-id=\"1095\" data-permalink=\"https:\/\/nyheter.wee.no\/?attachment_id=1095\" data-orig-file=\"https:\/\/i2.wp.com\/nyheter.wee.no\/wp-content\/uploads\/2018\/01\/Milj\u00f8prisen2017.jpg?fit=3000%2C1846&amp;ssl=1\" data-orig-size=\"3000,1846\" data-comments-opened=\"0\" data-image-meta=\"{&quot;aperture&quot;:&quot;0&quot;,&quot;credit&quot;:&quot;&quot;,&quot;camera&quot;:&quot;&quot;,&quot;caption&quot;:&quot;&quot;,&quot;created_timestamp&quot;:&quot;0&quot;,&quot;copyright&quot;:&quot;&quot;,&quot;focal_length&quot;:&quot;0&quot;,&quot;iso&quot;:&quot;0&quot;,&quot;shutter_speed&quot;:&quot;0&quot;,&quot;title&quot;:&quot;&quot;,&quot;orientation&quot;:&quot;0&quot;}\" data-image-title=\"Milj\u00f8prisen2017\" data-image-description=\"\" data-medium-file=\"https:\/\/i2.wp.com\/nyheter.wee.no\/wp-content\/uploads\/2018\/01\/Milj\u00f8prisen2017.jpg?fit=300%2C185&amp;ssl=1\" data-large-file=\"https:\/\/i2.wp.com\/nyheter.wee.no\/wp-content\/uploads\/2018\/01\/Milj\u00f8prisen2017.jpg?fit=940%2C578&amp;ssl=1\" loading=\"lazy\" class=\"size-large wp-image-1095\" src=\"https:\/\/i2.wp.com\/nyheter.wee.no\/wp-content\/uploads\/2018\/01\/Milj\u00f8prisen2017.jpg?resize=940%2C578&#038;ssl=1\" alt=\"\u00c5ge Wee er en aktiv milj\u00f8forkjemper i distriktet. Her mottar han Rogaland Fylkeskommunes Milj\u00f8pris 2017 p\u00e5 vegne av Slettaa dykkerklubb, som han var med p\u00e5 \u00e5 starte. Lars Einar Hollund (fra v.) , \u00c5ge Wee overrekkes prisen av fylkesordf\u00f8rer Solveig Ege Tengesdal. Til h\u00f8yre er Tom Tvedt, president i Norges Idrettsforbund.\" width=\"940\" height=\"578\" srcset=\"https:\/\/i2.wp.com\/nyheter.wee.no\/wp-content\/uploads\/2018\/01\/Milj\u00f8prisen2017.jpg?resize=1024%2C630&amp;ssl=1 1024w, https:\/\/i2.wp.com\/nyheter.wee.no\/wp-content\/uploads\/2018\/01\/Milj\u00f8prisen2017.jpg?resize=300%2C185&amp;ssl=1 300w, https:\/\/i2.wp.com\/nyheter.wee.no\/wp-content\/uploads\/2018\/01\/Milj\u00f8prisen2017.jpg?resize=768%2C473&amp;ssl=1 768w, https:\/\/i2.wp.com\/nyheter.wee.no\/wp-content\/uploads\/2018\/01\/Milj\u00f8prisen2017.jpg?resize=450%2C277&amp;ssl=1 450w, https:\/\/i2.wp.com\/nyheter.wee.no\/wp-content\/uploads\/2018\/01\/Milj\u00f8prisen2017.jpg?resize=975%2C600&amp;ssl=1 975w, https:\/\/i2.wp.com\/nyheter.wee.no\/wp-content\/uploads\/2018\/01\/Milj\u00f8prisen2017.jpg?w=1880&amp;ssl=1 1880w, https:\/\/i2.wp.com\/nyheter.wee.no\/wp-content\/uploads\/2018\/01\/Milj\u00f8prisen2017.jpg?w=2820&amp;ssl=1 2820w\" sizes=\"(max-width: 940px) 100vw, 940px\" data-recalc-dims=\"1\" \/><\/a><figcaption id=\"caption-attachment-1095\" class=\"wp-caption-text\">\u00c5ge Wee er en aktiv milj\u00f8forkjemper i distriktet. Her mottar han Rogaland Fylkeskommunes Milj\u00f8pris 2017 p\u00e5 vegne av Slettaa dykkerklubb, som han var med p\u00e5 \u00e5 starte. Lars Einar Hollund (fra v.) , \u00c5ge Wee overrekkes prisen av fylkesordf\u00f8rer Solveig Ege Tengesdal. Til h\u00f8yre er Tom Tvedt, president i Norges Idrettsforbund.<\/figcaption><\/figure>\n<p>Les mer om WeeGruppen<span style=\"color: #339966;\"><a style=\"color: #339966;\" href=\"http:\/\/wee.no\" target=\"_blank\"> her!<\/a><\/span><\/p>\n","protected":false},"excerpt":{"rendered":"<p>Tre generasjoner ligger til grunn for forretningseventyret til familien Wee i Frakkagjerd. Fra starten med lastebiltransport til dagens [&hellip;]<\/p>\n","protected":false},"author":2,"featured_media":1073,"comment_status":"closed","ping_status":"closed","sticky":false,"template":"","format":"standard","meta":{"spay_email":"","jetpack_publicize_message":"","jetpack_is_tweetstorm":false},"categories":[1,3,6,8,7,5],"tags":[],"jetpack_featured_media_url":"https:\/\/i0.wp.com\/nyheter.wee.no\/wp-content\/uploads\/2018\/01\/IMG_3721.jpg?fit=1713%2C1209&ssl=1","jetpack_publicize_connections":[],"jetpack_sharing_enabled":true,"jetpack_shortlink":"https:\/\/wp.me\/p5Yg58-hd","jetpack-related-posts":[],"_links":{"self":[{"href":"https:\/\/nyheter.wee.no\/index.php?rest_route=\/wp\/v2\/posts\/1067"}],"collection":[{"href":"https:\/\/nyheter.wee.no\/index.php?rest_route=\/wp\/v2\/posts"}],"about":[{"href":"https:\/\/nyheter.wee.no\/index.php?rest_route=\/wp\/v2\/types\/post"}],"author":[{"embeddable":true,"href":"https:\/\/nyheter.wee.no\/index.php?rest_route=\/wp\/v2\/users\/2"}],"replies":[{"embeddable":true,"href":"https:\/\/nyheter.wee.no\/index.php?rest_route=%2Fwp%2Fv2%2Fcomments&post=1067"}],"version-history":[{"count":13,"href":"https:\/\/nyheter.wee.no\/index.php?rest_route=\/wp\/v2\/posts\/1067\/revisions"}],"predecessor-version":[{"id":1096,"href":"https:\/\/nyheter.wee.no\/index.php?rest_route=\/wp\/v2\/posts\/1067\/revisions\/1096"}],"wp:featuredmedia":[{"embeddable":true,"href":"https:\/\/nyheter.wee.no\/index.php?rest_route=\/wp\/v2\/media\/1073"}],"wp:attachment":[{"href":"https:\/\/nyheter.wee.no\/index.php?rest_route=%2Fwp%2Fv2%2Fmedia&parent=1067"}],"wp:term":[{"taxonomy":"category","embeddable":true,"href":"https:\/\/nyheter.wee.no\/index.php?rest_route=%2Fwp%2Fv2%2Fcategories&post=1067"},{"taxonomy":"post_tag","embeddable":true,"href":"https:\/\/nyheter.wee.no\/index.php?rest_route=%2Fwp%2Fv2%2Ftags&post=1067"}],"curies":[{"name":"wp","href":"https:\/\/api.w.org\/{rel}","templated":true}]}}